{"id":46342,"date":"2022-12-20T11:39:56","date_gmt":"2022-12-20T17:39:56","guid":{"rendered":"https:\/\/todossomosuno.com.mx\/portal\/?p=46342"},"modified":"2022-12-20T11:40:55","modified_gmt":"2022-12-20T17:40:55","slug":"de-cuanto-sera-el-aumento-de-la-pension-para-personas-con-discapacidad-en-2023","status":"publish","type":"post","link":"https:\/\/todossomosuno.com.mx\/portal\/de-cuanto-sera-el-aumento-de-la-pension-para-personas-con-discapacidad-en-2023\/","title":{"rendered":"De cu\u00e1nto ser\u00e1 el aumento de la Pensi\u00f3n para Personas con Discapacidad en 2023"},"content":{"rendered":"\n<p>Miles de personas que viven con una persona con discapacidad y forman parte del programa de ayuda econ\u00f3mica que brinda el gobierno de M\u00e9xico, ver\u00e1n reflejado un incremento bimestral a su pensi\u00f3n a partir de 2023.<\/p>\n\n\n\n<figure class=\"wp-block-image\"><img decoding=\"async\" src=\"https:\/\/cloudfront-us-east-1.images.arcpublishing.com\/infobae\/2FQJHPVJ6REHPBAOBKRER6EKWQ.jpg\" alt=\"CIUDAD DE M\u00c9XICO, 31DICIEMBRE2016.- La Secretar\u00eda de Relaciones Exteriores (SRE) inform\u00f3 que el pasaporte mexicano incrementar\u00eda cuatro por ciento su costo en 2017, lo que lo convertir\u00e1 en el segundo m\u00e1s caro de Am\u00e9rica e incluso que algunos pa\u00edses europeos como Espa\u00f1a y Francia. Este a\u00f1o, el precio por emitir un pasaporte fue de 2 mil 215 pesos; a partir del 1 de enero de 2017, costar\u00e1 2 mil 390 a\u00f1os, con una vigencia de 10 a\u00f1os. \nFOTO: ISAAC ESQUIVEL \/CUARTOSCURO.COM\"\/><\/figure>\n\n\n\n<p>Todo lo que hay que saber para tramitar el pasaporte durante el 2023. Los y las mexicanas que deseen viajar al extranjero deber\u00e1n contar con el documento oficial que les solicitar\u00e1n autoridades migratorias.<\/p>\n\n\n\n<p>Y es que de acuerdo con Ariadna Montiel Reyes, secretaria del Bienestar, dio a conocer que el aumento a la Pensi\u00f3n Bienestar para\u00a0<strong>Personas con Discapacidad\u00a0<\/strong>ser\u00e1 de al menos\u00a0<strong>150 pesos<\/strong>, los cuales se entregar\u00e1n cada dos meses a los beneficiarios que se encuentran inscritos en el proyecto.<\/p>\n\n\n\n<h2 class=\"wp-block-heading\">\u00bfDe cu\u00e1nto ser\u00e1 el incremento?<\/h2>\n\n\n\n<p>En ese sentido, el aumento para m\u00e1s de un mill\u00f3n de personas ser\u00e1 de&nbsp;<strong>2 mil 950 pesos<\/strong>&nbsp;considerados para el pr\u00f3ximo a\u00f1o, seg\u00fan revel\u00f3 la<strong>&nbsp;Secretar\u00eda del Bienestar<\/strong>. Actualmente, los beneficiarios reciben 2 mil 800 pesos de apoyo cada dos meses.<\/p>\n\n\n\n<figure class=\"wp-block-image\"><img decoding=\"async\" src=\"https:\/\/cloudfront-us-east-1.images.arcpublishing.com\/infobae\/DTVJKYWWMRHJJEZ3TX6O5TK57Y.png\" alt=\"La disminuci\u00f3n del precio de las acciones las convierte en una opci\u00f3n atractiva para invertir, ya que su valor aumentar\u00e1 cuando se termine el periodo de crisis.\"\/><\/figure>\n\n\n\n<p>As\u00ed puedes crecer tu dinero en 2023, opciones para inversi\u00f3n recomendadas por un expertoEl experto en finanzas Moris Dieck, comparti\u00f3 un video en su cuenta de Instagram en el que da algunas opciones para iniciar el pr\u00f3ximo a\u00f1o invirtiendo.<\/p>\n\n\n\n<p>Durante la tradicional conferencia \u201cma\u00f1anera\u201d ,que encabeza el presidente Andr\u00e9s Manuel L\u00f3pez Obrador este 16 de diciembre,\u00a0<strong>Ariadna Montiel\u00a0<\/strong>enfatiz\u00f3 que ya tienen considerado el presupuesto para seguir con la ayuda el pr\u00f3ximo a\u00f1o.<br><img decoding=\"async\" loading=\"lazy\" height=\"1079\" width=\"1920\" srcset=\"https:\/\/www.infobae.com\/new-resizer\/BIb536sSze6Ur9FBWrJJILXBPH8=\/420x236\/filters:format(webp):quality(85)\/cloudfront-us-east-1.images.arcpublishing.com\/infobae\/7GN233GAQZEUHNS6WOPRGNG54U.jpg 420w,https:\/\/www.infobae.com\/new-resizer\/NKqkaO3OP8xmAg-9i_uNEUNKsVw=\/768x432\/filters:format(webp):quality(85)\/cloudfront-us-east-1.images.arcpublishing.com\/infobae\/7GN233GAQZEUHNS6WOPRGNG54U.jpg 768w,https:\/\/www.infobae.com\/new-resizer\/8UqHKe1oV7a8H26XcfEHrJVD9ns=\/992x558\/filters:format(webp):quality(85)\/cloudfront-us-east-1.images.arcpublishing.com\/infobae\/7GN233GAQZEUHNS6WOPRGNG54U.jpg 992w,https:\/\/www.infobae.com\/new-resizer\/U-h9ffh6a5pTc7btgOGXECmMGAU=\/1200x675\/filters:format(webp):quality(85)\/cloudfront-us-east-1.images.arcpublishing.com\/infobae\/7GN233GAQZEUHNS6WOPRGNG54U.jpg 1200w,https:\/\/www.infobae.com\/new-resizer\/Dqp859SbDyjiSw8ReWCKljGNmRk=\/1440x810\/filters:format(webp):quality(85)\/cloudfront-us-east-1.images.arcpublishing.com\/infobae\/7GN233GAQZEUHNS6WOPRGNG54U.jpg 1440w\" alt=\"Personas con discapacidad en CDMX. (Foto: Cuartoscuro)\" class=\"\" src=\"https:\/\/cloudfront-us-east-1.images.arcpublishing.com\/infobae\/7GN233GAQZEUHNS6WOPRGNG54U.jpg\"><br><br>Personas con discapacidad en CDMX. (Foto: Cuartoscuro)Asimismo, enfatiz\u00f3 que la inversi\u00f3n de la Pensi\u00f3n para el Bienestar de las Personas con Discapacidad de 2022 a 2023 aumentar\u00e1 cuatro mil 577 millones de pesos, al pasar de 22 mil millones a 26 mil 577 millones de pesos.<\/p>\n\n\n\n<figure class=\"wp-block-image\"><img decoding=\"async\" src=\"https:\/\/cloudfront-us-east-1.images.arcpublishing.com\/infobae\/WHIJXNH2HFAZ7I7AJRRR2AOZ5E.png\" alt=\"XALAPA, VERACRUZ, 27OCTUBRE2021.- Este mi\u00e9rcoles se llev\u00f3 a cabo la incorporaci\u00f3n de adultos mayores de 65 a\u00f1os a los programas sociales de la Secretar\u00eda de Bienestar. A la fecha han sido incorporados m\u00e1s de 9 mil xalape\u00f1os.\nFOTO: YERANIA ROL\u00d3N\/CUARTOSCURO.COM\"\/><\/figure>\n\n\n\n<p>Pensi\u00f3n del Bienestar: qu\u00e9 adultos mayores no recibir\u00e1n el primer pago de 2023De acuerdo con la Secretar\u00eda del Bienestar, la entrega del primer pago del pr\u00f3ximo a\u00f1o, correspondiente al bimestre enero-febrero, se tiene programado para el pr\u00f3ximo 2 de enero.<\/p>\n\n\n\n<p>Por su parte, Ariadna Montiel explic\u00f3 que la Pensi\u00f3n para Personas con Discapacidad ya es universal y se logr\u00f3 gracias a un convenio entre los gobiernos estatales y el gobierno del pa\u00eds. Representa la inversi\u00f3n de 3 mil millones de pesos; de ellos,<strong>&nbsp;mil 500 millones&nbsp;<\/strong>fueron aportados por el gobierno federal y mil 500 millones de pesos m\u00e1s por los gobiernos estatales.<\/p>\n\n\n\n<p>La Secretar\u00eda del Bienestar tambi\u00e9n revel\u00f3 que el Gobierno de M\u00e9xico a trav\u00e9s de un convenio firmado en 2021 con la Fundaci\u00f3n Telet\u00f3n, acord\u00f3<strong>\u00a0brindar rehabilitaci\u00f3n a 20 mil ni\u00f1as\u00a0<\/strong>y ni\u00f1os de cero a 17 a\u00f1os de edad, con inversi\u00f3n social anual de 800 millones de pesos.<\/p>\n\n\n\n<p>A la fecha se ha brindado rehabilitaci\u00f3n a 21 mil 536 ni\u00f1as y ni\u00f1os con discapacidad, y se han proporcionado 584 mil 796 terapias de rehabilitaci\u00f3n e inclusi\u00f3n en los 21 Centros de Rehabilitaci\u00f3n e Inclusi\u00f3n Telet\u00f3n (CRIT) localizados en 19 entidades.<\/p>\n\n\n\n<p>Por su parte, el presidente de la Fundaci\u00f3n Telet\u00f3n, Fernando Landeros Verdugo, acompa\u00f1ado por el director general de los CRIT, Alejandro Alc\u00e1ntara Aguileta, coment\u00f3 que este 17 de diciembre celebrar\u00e1n el 25 Aniversario de la Fundaci\u00f3n Telet\u00f3n, un proyecto construido por los mexicanos; y se trabaja en la construcci\u00f3n de dos nuevos CRIT, uno en Sinaloa y otro en el municipio de Tlapa de Comonfort, en La Monta\u00f1a de Guerrero.<\/p>\n\n\n\n<p>En tanto, el presidente de M\u00e9xico dio a conocer que tambi\u00e9n habr\u00e1 un incremento de la&nbsp;<a href=\"https:\/\/www.infobae.com\/america\/mexico\/2022\/12\/10\/cual-sera-el-monto-de-la-pension-que-recibiran-adultos-mayores-a-partir-de-enero-de-2023\/\" target=\"_blank\" rel=\"noreferrer noopener\">Pensi\u00f3n para el Bienestar.<\/a>&nbsp;Actualmente se otorga una pensi\u00f3n de m\u00e1s de 3 mil pesos a m\u00e1s de 10 millones de personas de la tercera edad. Sin embargo, se anunci\u00f3 que la Pensi\u00f3n del Bienestar tendr\u00e1 un incremento del 25% y el beneficio lo ver\u00e1n reflejado los adultos mayores a partir del pr\u00f3ximo a\u00f1o.<\/p>\n\n\n\n<p><a href=\"https:\/\/www.infobae.com\/america\/mexico\/2022\/12\/17\/de-cuanto-sera-el-aumento-de-la-pension-para-personas-con-discapacidad-en-2023\/\" data-type=\"URL\" data-id=\"https:\/\/www.infobae.com\/america\/mexico\/2022\/12\/17\/de-cuanto-sera-el-aumento-de-la-pension-para-personas-con-discapacidad-en-2023\/\">Original. <\/a><\/p>\n","protected":false},"excerpt":{"rendered":"<p>Miles de personas que viven con una persona con discapacidad y forman parte del programa de ayuda econ\u00f3mica que brinda el gobierno de M\u00e9xico, ver\u00e1n reflejado un incremento bimestral a &hellip; <a href=\"https:\/\/todossomosuno.com.mx\/portal\/de-cuanto-sera-el-aumento-de-la-pension-para-personas-con-discapacidad-en-2023\/\" class=\"more-link\">Leer M\u00e1s<span class=\"screen-reader-text\"> \u00abDe cu\u00e1nto ser\u00e1 el aumento de la Pensi\u00f3n para Personas con Discapacidad en 2023\u00bb<\/span><\/a><\/p>\n","protected":false},"author":1,"featured_media":46343,"comment_status":"open","ping_status":"closed","sticky":false,"template":"","format":"image","meta":{"_mi_skip_tracking":false,"_exactmetrics_sitenote_active":false,"_exactmetrics_sitenote_note":"","_exactmetrics_sitenote_category":0},"categories":[4717],"tags":[87],"_links":{"self":[{"href":"https:\/\/todossomosuno.com.mx\/portal\/wp-json\/wp\/v2\/posts\/46342"}],"collection":[{"href":"https:\/\/todossomosuno.com.mx\/portal\/wp-json\/wp\/v2\/posts"}],"about":[{"href":"https:\/\/todossomosuno.com.mx\/portal\/wp-json\/wp\/v2\/types\/post"}],"author":[{"embeddable":true,"href":"https:\/\/todossomosuno.com.mx\/portal\/wp-json\/wp\/v2\/users\/1"}],"replies":[{"embeddable":true,"href":"https:\/\/todossomosuno.com.mx\/portal\/wp-json\/wp\/v2\/comments?post=46342"}],"version-history":[{"count":1,"href":"https:\/\/todossomosuno.com.mx\/portal\/wp-json\/wp\/v2\/posts\/46342\/revisions"}],"predecessor-version":[{"id":46344,"href":"https:\/\/todossomosuno.com.mx\/portal\/wp-json\/wp\/v2\/posts\/46342\/revisions\/46344"}],"wp:featuredmedia":[{"embeddable":true,"href":"https:\/\/todossomosuno.com.mx\/portal\/wp-json\/wp\/v2\/media\/46343"}],"wp:attachment":[{"href":"https:\/\/todossomosuno.com.mx\/portal\/wp-json\/wp\/v2\/media?parent=46342"}],"wp:term":[{"taxonomy":"category","embeddable":true,"href":"https:\/\/todossomosuno.com.mx\/portal\/wp-json\/wp\/v2\/categories?post=46342"},{"taxonomy":"post_tag","embeddable":true,"href":"https:\/\/todossomosuno.com.mx\/portal\/wp-json\/wp\/v2\/tags?post=46342"}],"curies":[{"name":"wp","href":"https:\/\/api.w.org\/{rel}","templated":true}]}}