{"id":44475,"date":"2022-04-11T23:10:30","date_gmt":"2022-04-12T04:10:30","guid":{"rendered":"https:\/\/todossomosuno.com.mx\/portal\/?p=44475"},"modified":"2022-04-11T23:10:42","modified_gmt":"2022-04-12T04:10:42","slug":"personas-down-guerreras-en-un-mundo-de-obstaculos","status":"publish","type":"post","link":"https:\/\/todossomosuno.com.mx\/portal\/personas-down-guerreras-en-un-mundo-de-obstaculos\/","title":{"rendered":"Personas Down: guerreras en un mundo de obst\u00e1culos"},"content":{"rendered":"\n<figure class=\"wp-block-image\"><img alt=\"\"\/><\/figure>\n\n\n\n<p>Ha tenido&nbsp;<strong>batallas dif\u00edciles<\/strong>, pero nada ha logrado detener a&nbsp;<strong>Jos\u00e9 Elisandro, un joven Down<\/strong>&nbsp;pr\u00f3ximo a cumplir 28 a\u00f1os de edad y poseedor de una extraordinaria&nbsp;<strong>inteligencia y talento<\/strong>&nbsp;para el baile.<\/p>\n\n\n\n<p>Su madre,&nbsp;<strong>Georgina Mendoza Raya<\/strong>, cuenta que el d\u00eda que supo que estaba&nbsp;<strong>embarazada de su primer hijo, fue la mejor noticia de su vida<\/strong>; sin embargo, durante los chequeos m\u00e9dicos, fue enterada que el&nbsp;<strong>desarrollo no era el normal<\/strong>&nbsp;y no le daban&nbsp;<strong>esperanza<\/strong>&nbsp;de&nbsp;<strong>una vida larga.<\/strong><\/p>\n\n\n\n<p>A\u00fan as\u00ed decidi\u00f3 vivir el proceso,\u00a0<strong>dio a luz a su hijo con parto natural<\/strong>, y\u00a0<strong>las complicaciones se fueron presentando<\/strong>, porque al principio no caminaba y\u00a0<strong>a los 14 a\u00f1os tuvo problemas con el coraz\u00f3n y los pulmones<\/strong>.<\/p>\n\n\n\n<blockquote class=\"wp-block-quote\"><p>&#8211; \u201cMi hijo me pudo decir bye, pero ponerlo en las manos de Dios es lo mejor que he hecho, porque \u00c9l todo lo puede, y \u00c9l todo lo define\u201d, dijo la mam\u00e1 orgullosa.<\/p><\/blockquote>\n\n\n\n<p>Vivieron un largo tiempo en uno de los tantos ejidos que tiene el municipio de&nbsp;<strong>Altamira<\/strong>,&nbsp;<strong>ahora radica en Ciudad Madero<\/strong>.<\/p>\n\n\n\n<blockquote class=\"wp-block-quote\"><p>&#8211; \u201cYo era una chamaca de&nbsp;<strong>20 a\u00f1os<\/strong>&nbsp;cuando lo tuve; los doctores que me atendieron en el parto estaban sin creerlo, porque fue natural, su cuerpecito empez\u00f3 a debilitarse, pues aparte del&nbsp;<strong>s\u00edndrome,<\/strong>&nbsp;le detectaron un&nbsp;<strong>soplo cong\u00e9nito<\/strong>&nbsp;y solo le daban&nbsp;<strong>esperanza de vivir tres a\u00f1os\u201d.<\/strong><\/p><\/blockquote>\n\n\n\n<p>\u200bCuando cumpli\u00f3 cuatro a\u00f1os, la&nbsp;<strong>se\u00f1ora Georgina&nbsp;<\/strong>not\u00f3 que su hijo no pod\u00eda caminar y decide llevarlo al&nbsp;<strong>CRI para recibir terapias<\/strong>. A los 14 a\u00f1os&nbsp;<strong>su salud se complic\u00f3<\/strong>&nbsp;debido a los&nbsp;<strong>problemas en sus pulmones.<\/strong>PUBLICIDAD<\/p>\n\n\n\n<p>Este&nbsp;<strong>21 de marzo<\/strong>, d\u00eda asociado al inicio de la primavera y el natalicio de Benito Ju\u00e1rez, se conmemora tambi\u00e9n el&nbsp;<strong>D\u00eda Mundial del S\u00edndrome de Down<\/strong>, definido por la&nbsp;<strong>Asamblea General de las Naciones Unidas desde el 2011.<\/strong><\/p>\n\n\n\n<p><strong>El s\u00edndrome de Down es un trastorno gen\u00e9tico de los cromosomas que provoca retraso intelectual y del desarrollo<\/strong>, ocasionado por una\u00a0<strong>divisi\u00f3n celular anormal que produce material gen\u00e9tico adicional del cromosoma 21.<\/strong><\/p>\n\n\n\n<blockquote class=\"wp-block-quote\"><p>\u201cSe caracteriza por una apariencia&nbsp;<strong>f\u00edsica t\u00edpica, discapacidad intelectual y retraso en el desarrollo<\/strong>. Adem\u00e1s, puede estar&nbsp;<strong>asociado con enfermedades card\u00edacas o de la gl\u00e1ndula tiroides<\/strong>\u201d, explican los&nbsp;<strong>m\u00e9dicos especialistas.<\/strong><\/p><\/blockquote>\n\n\n\n<p>La mam\u00e1 de&nbsp;<strong>Jos\u00e9 Elisandro se dedica 100% al hogar<\/strong>, luego de trabajar durante 13 a\u00f1os en el&nbsp;<strong>DIF Altamira<\/strong>.<\/p>\n\n\n\n<p>Asegura que nada cambiar\u00eda de su vida y est\u00e1 contenta por haber procreado a un\u00a0<strong>joven virtuoso<\/strong>, al que no ve como anormal, sino por el contrario, lo admira por su manera de responder a la vida, y la responsabilidad que tiene en cada uno de sus proyectos.Te recomendamos:\u00a0Leucemia y tumores cerebrales mayor \u00edndice de padecimientos en Tamaulipas: Fundaci\u00f3n Benito.<\/p>\n\n\n\n<blockquote class=\"wp-block-quote\"><p>\u201c<strong>\u00c9l iba a su escuela, participaba,<\/strong>&nbsp;porque baila, saca sus pasos, as\u00ed que he vivido con \u00e9l muchas experiencias;&nbsp;<strong>tiene ese soplo cong\u00e9nito con hipertensi\u00f3n pulmonar severa,<\/strong>&nbsp;y el cardi\u00f3logo nos pide evitar el baile, as\u00ed como los ejercicios, as\u00ed que lo puse en las manos de Dios\u201d.<\/p><\/blockquote>\n\n\n\n<p>\u00c9l contin\u00faa con sus&nbsp;<strong>actividades normales,<\/strong>&nbsp;han tenido batallas dif\u00edciles, pero las han vencido, expuso. Por fortuna&nbsp;<strong>nunca ha sufrido discriminaci\u00f3n<\/strong>, las escuelas jam\u00e1s le han cerrado las puertas e incluso le han brindado todas las&nbsp;<strong>facilidades para su aprendizaje.<\/strong><\/p>\n\n\n\n<p>La se\u00f1ora recuerda que en una ocasi\u00f3n sus otros dos hijos le regalaron rosas, Jos\u00e9 Elisandro no contaba con una de estas flores, y como le gusta jugar loter\u00eda, sac\u00f3 la baraja de La Rosa y se la dio, lo que para ella fue el regalo m\u00e1s extraordinario en su vida. Recomienda a las mam\u00e1s que tienen un<strong>&nbsp;hijo&nbsp;<\/strong><strong>Down,<\/strong>&nbsp;aceptarlos tal cual son y tratarlos como a cualquier ni\u00f1o que no se encuentra en esa condici\u00f3n, porque&nbsp;<strong>ellos reconocen el amor, son independientes y tienen talento.<\/strong><\/p>\n\n\n\n<blockquote class=\"wp-block-quote\"><p>\u201cNo es una enfermedad sino una capacidad diferente, y hay que creer en ellos, pues dan un amor incondicional, un amor que nadie nos podr\u00e1 quitar, as\u00ed que hay que tratarlos como un ni\u00f1o normal, porque s\u00ed saben y tienen talento\u201d.<\/p><\/blockquote>\n\n\n\n<p>El apoyo que encontrar\u00e1n padres de familia con una\u00a0<strong>ni\u00f1a o ni\u00f1o Down<\/strong>\u00a0es a trav\u00e9s de programas de intervenci\u00f3n temprana con un equipo de\u00a0<strong>terapeutas y educadores especiales<\/strong>\u00a0que traten la situaci\u00f3n espec\u00edfica de cada persona para definir el\u00a0<strong>tratamiento id\u00f3neo<\/strong>.<\/p>\n\n\n\n<p><a href=\"https:\/\/www.milenio.com\/salud\/joven-sindrome-down-cromosoma-detiene-historia\" data-type=\"URL\" data-id=\"https:\/\/www.milenio.com\/salud\/joven-sindrome-down-cromosoma-detiene-historia\">Original. <\/a><\/p>\n","protected":false},"excerpt":{"rendered":"<p>Ha tenido&nbsp;batallas dif\u00edciles, pero nada ha logrado detener a&nbsp;Jos\u00e9 Elisandro, un joven Down&nbsp;pr\u00f3ximo a cumplir 28 a\u00f1os de edad y poseedor de una extraordinaria&nbsp;inteligencia y talento&nbsp;para el baile. Su madre,&nbsp;Georgina &hellip; <a href=\"https:\/\/todossomosuno.com.mx\/portal\/personas-down-guerreras-en-un-mundo-de-obstaculos\/\" class=\"more-link\">Leer M\u00e1s<span class=\"screen-reader-text\"> \u00abPersonas Down: guerreras en un mundo de obst\u00e1culos\u00bb<\/span><\/a><\/p>\n","protected":false},"author":1,"featured_media":44476,"comment_status":"open","ping_status":"closed","sticky":false,"template":"","format":"image","meta":{"_mi_skip_tracking":false,"_exactmetrics_sitenote_active":false,"_exactmetrics_sitenote_note":"","_exactmetrics_sitenote_category":0},"categories":[12],"tags":[],"_links":{"self":[{"href":"https:\/\/todossomosuno.com.mx\/portal\/wp-json\/wp\/v2\/posts\/44475"}],"collection":[{"href":"https:\/\/todossomosuno.com.mx\/portal\/wp-json\/wp\/v2\/posts"}],"about":[{"href":"https:\/\/todossomosuno.com.mx\/portal\/wp-json\/wp\/v2\/types\/post"}],"author":[{"embeddable":true,"href":"https:\/\/todossomosuno.com.mx\/portal\/wp-json\/wp\/v2\/users\/1"}],"replies":[{"embeddable":true,"href":"https:\/\/todossomosuno.com.mx\/portal\/wp-json\/wp\/v2\/comments?post=44475"}],"version-history":[{"count":2,"href":"https:\/\/todossomosuno.com.mx\/portal\/wp-json\/wp\/v2\/posts\/44475\/revisions"}],"predecessor-version":[{"id":44478,"href":"https:\/\/todossomosuno.com.mx\/portal\/wp-json\/wp\/v2\/posts\/44475\/revisions\/44478"}],"wp:featuredmedia":[{"embeddable":true,"href":"https:\/\/todossomosuno.com.mx\/portal\/wp-json\/wp\/v2\/media\/44476"}],"wp:attachment":[{"href":"https:\/\/todossomosuno.com.mx\/portal\/wp-json\/wp\/v2\/media?parent=44475"}],"wp:term":[{"taxonomy":"category","embeddable":true,"href":"https:\/\/todossomosuno.com.mx\/portal\/wp-json\/wp\/v2\/categories?post=44475"},{"taxonomy":"post_tag","embeddable":true,"href":"https:\/\/todossomosuno.com.mx\/portal\/wp-json\/wp\/v2\/tags?post=44475"}],"curies":[{"name":"wp","href":"https:\/\/api.w.org\/{rel}","templated":true}]}}