{"id":41059,"date":"2020-12-15T06:24:36","date_gmt":"2020-12-15T12:24:36","guid":{"rendered":"https:\/\/todossomosuno.com.mx\/portal\/?p=41059"},"modified":"2020-12-15T06:24:38","modified_gmt":"2020-12-15T12:24:38","slug":"depresion-y-ansiedad-en-el-embarazo-afecta-desarrollo-de-los-bebes-alerta-la-unam","status":"publish","type":"post","link":"https:\/\/todossomosuno.com.mx\/portal\/depresion-y-ansiedad-en-el-embarazo-afecta-desarrollo-de-los-bebes-alerta-la-unam\/","title":{"rendered":"Depresi\u00f3n y ansiedad en el embarazo afecta desarrollo de los beb\u00e9s, alerta la UNAM"},"content":{"rendered":"\n<figure class=\"wp-block-image\"><img alt=\"\"\/><\/figure>\n\n\n\n<p class=\"has-drop-cap\">La depresi\u00f3n y la ansiedad pueden provocar complicaciones graves en el embarazo y afectar el desarrollo neurocognitivo de los beb\u00e9s, alertaron expertos mexicanos.<\/p>\n\n\n\n<p>Cient\u00edficos de la Unidad de Investigaci\u00f3n en Reproducci\u00f3n Humana de la Facultad de Qu\u00edmica de la UNAM, el Departamento de Neurociencias del Instituto Nacional de Perinatolog\u00eda y el Instituto Nacional de Psiquiatr\u00eda (INPer), descubrieron que estos padecimientos modifican la cantidad de prote\u00ednas y sustancias que se encuentran en el cuerpo de las gestantes.<\/p>\n\n\n\n<p>Cambios en las citocinas (prote\u00ednas que participan en la respuesta inmunol\u00f3gica), incremento de quimiocinas (mol\u00e9culas que median el funcionamiento del sistema inmunol\u00f3gico), as\u00ed como de la hormona cortisol relacionada con la respuesta al estr\u00e9s y niveles disminuidos de dehidroepiandrosterona que tiene efectos ben\u00e9ficos contrarios al cortisol, son algunos de los efectos que encontraron, explic\u00f3 Ignacio Camacho Arroyo, integrante de la Unidad a la UNAM.<\/p>\n\n\n\n<p>\u201cHemos visto que se incrementan las citocinas llamadas proinflamatorias. Una mayor inflamaci\u00f3n puede producir una respuesta inmunol\u00f3gica inadecuada que, incluso, puede generar un parto pret\u00e9rmino\u201d, alert\u00f3.<\/p>\n\n\n\n<p>Adem\u00e1s, agreg\u00f3 que en un parto prematuro se presenta restricci\u00f3n de crecimiento uterino, bajo peso al nacer e inmadurez de varios \u00f3rganos, lo cual puede tener consecuencias en el estado de salud general del beb\u00e9 y en su neurodesarrollo.<\/p>\n\n\n\n<p>Por otra parte, la presencia excesiva de cortisol puede producir cambios en la conducta del ni\u00f1o y hay estudios que sugieren una asociaci\u00f3n entre el uso de antidepresivos con el autismo, mientras que la ansiedad podr\u00eda tener relaci\u00f3n con trastornos como el de d\u00e9ficit de atenci\u00f3n e hiperactividad (TDAH), detall\u00f3.<\/p>\n\n\n\n<p>Los datos, que fueron publicados en las revistas BMC Psychiatry y JSM Anxiety and Depression, fueron obtenidos luego de estudiar la depresi\u00f3n en alrededor de 300 mujeres y la ansiedad en cerca de 200 que eran pacientes del INPer y de otras instituciones como el Hospital General de M\u00e9xico.<\/p>\n\n\n\n<p>El experto destac\u00f3 que la depresi\u00f3n y la ansiedad son m\u00e1s comunes en mujeres que en hombres, en una proporci\u00f3n que puede ser de dos a uno. Y en el embarazo su presencia aumenta a\u00fan m\u00e1s debido a los cambios hormonales y un estr\u00e9s mayor, sobre todo si la madre es soltera, se trata de un embarazo no deseado, si hay disfunci\u00f3n familiar, problemas econ\u00f3micos, etc\u00e9tera.<\/p>\n\n\n\n<p>Camacho Arroyo estim\u00f3 que en el primer trimestre de embarazo el 7 u 8% de las mujeres sufre depresi\u00f3n, hacia el final del periodo de gestaci\u00f3n la cifra se eleva a 12% y en el posparto a 13%. En el caso de la ansiedad, del 15 a 17% la sufren al inicio del embarazo, y hasta 20 o 25% al final; es decir, una de cada cuatro mujeres.<\/p>\n\n\n\n<p>Adem\u00e1s, agreg\u00f3 que con un estado de \u00e1nimo que no es el \u00f3ptimo, disminuye el autocuidado y la alimentaci\u00f3n, se puede presentar preeclampsia y, en el caso del beb\u00e9, problemas de neurodesarrollo en \u00e1reas como la cognitiva, de lenguaje y motora. Adem\u00e1s de que se ha visto que los hijos de madres que tuvieron ansiedad en el periodo de gestaci\u00f3n tienen tambi\u00e9n problemas conductuales en la infancia o la adolescencia, dijo.<\/p>\n\n\n\n<p>El universitario enfatiz\u00f3 que las mujeres embarazadas deben acudir con un ginec\u00f3logo y un psic\u00f3logo o psiquiatra cuando presenten cambios de \u00e1nimo notables o tengan algunos s\u00edntomas de depresi\u00f3n o ansiedad para ser atendida y que deben evitar tomar remedios sugeridos por familiares o conocidos, ya que ciertos ansiol\u00edticos o antidepresivos pueden tener efectos en el neurodesarrollo de los beb\u00e9s.<\/p>\n\n\n\n<p><a href=\"https:\/\/www.proceso.com.mx\/nacional\/2020\/12\/14\/depresion-ansiedad-en-el-embarazo-afecta-desarrollo-de-los-bebes-alerta-la-unam-254536.html\" data-type=\"URL\" data-id=\"https:\/\/www.proceso.com.mx\/nacional\/2020\/12\/14\/depresion-ansiedad-en-el-embarazo-afecta-desarrollo-de-los-bebes-alerta-la-unam-254536.html\">Original. <\/a><\/p>\n","protected":false},"excerpt":{"rendered":"<p>La depresi\u00f3n y la ansiedad pueden provocar complicaciones graves en el embarazo y afectar el desarrollo neurocognitivo de los beb\u00e9s, alertaron expertos mexicanos. Cient\u00edficos de la Unidad de Investigaci\u00f3n en &hellip; <a href=\"https:\/\/todossomosuno.com.mx\/portal\/depresion-y-ansiedad-en-el-embarazo-afecta-desarrollo-de-los-bebes-alerta-la-unam\/\" class=\"more-link\">Leer M\u00e1s<span class=\"screen-reader-text\"> \u00abDepresi\u00f3n y ansiedad en el embarazo afecta desarrollo de los beb\u00e9s, alerta la UNAM\u00bb<\/span><\/a><\/p>\n","protected":false},"author":1,"featured_media":41060,"comment_status":"open","ping_status":"closed","sticky":false,"template":"","format":"image","meta":{"_mi_skip_tracking":false,"_exactmetrics_sitenote_active":false,"_exactmetrics_sitenote_note":"","_exactmetrics_sitenote_category":0},"categories":[28],"tags":[703,479,1979],"_links":{"self":[{"href":"https:\/\/todossomosuno.com.mx\/portal\/wp-json\/wp\/v2\/posts\/41059"}],"collection":[{"href":"https:\/\/todossomosuno.com.mx\/portal\/wp-json\/wp\/v2\/posts"}],"about":[{"href":"https:\/\/todossomosuno.com.mx\/portal\/wp-json\/wp\/v2\/types\/post"}],"author":[{"embeddable":true,"href":"https:\/\/todossomosuno.com.mx\/portal\/wp-json\/wp\/v2\/users\/1"}],"replies":[{"embeddable":true,"href":"https:\/\/todossomosuno.com.mx\/portal\/wp-json\/wp\/v2\/comments?post=41059"}],"version-history":[{"count":1,"href":"https:\/\/todossomosuno.com.mx\/portal\/wp-json\/wp\/v2\/posts\/41059\/revisions"}],"predecessor-version":[{"id":41061,"href":"https:\/\/todossomosuno.com.mx\/portal\/wp-json\/wp\/v2\/posts\/41059\/revisions\/41061"}],"wp:featuredmedia":[{"embeddable":true,"href":"https:\/\/todossomosuno.com.mx\/portal\/wp-json\/wp\/v2\/media\/41060"}],"wp:attachment":[{"href":"https:\/\/todossomosuno.com.mx\/portal\/wp-json\/wp\/v2\/media?parent=41059"}],"wp:term":[{"taxonomy":"category","embeddable":true,"href":"https:\/\/todossomosuno.com.mx\/portal\/wp-json\/wp\/v2\/categories?post=41059"},{"taxonomy":"post_tag","embeddable":true,"href":"https:\/\/todossomosuno.com.mx\/portal\/wp-json\/wp\/v2\/tags?post=41059"}],"curies":[{"name":"wp","href":"https:\/\/api.w.org\/{rel}","templated":true}]}}