{"id":40766,"date":"2020-11-19T11:50:35","date_gmt":"2020-11-19T17:50:35","guid":{"rendered":"https:\/\/todossomosuno.com.mx\/portal\/?p=40766"},"modified":"2020-11-19T11:50:36","modified_gmt":"2020-11-19T17:50:36","slug":"dia-mundial-del-cancer-de-pancreas-concienciacion-y-prevencion","status":"publish","type":"post","link":"https:\/\/todossomosuno.com.mx\/portal\/dia-mundial-del-cancer-de-pancreas-concienciacion-y-prevencion\/","title":{"rendered":"D\u00eda Mundial del C\u00e1ncer de P\u00e1ncreas: concienciaci\u00f3n y prevenci\u00f3n"},"content":{"rendered":"\n<figure class=\"wp-block-image\"><img alt=\"\"\/><\/figure>\n\n\n\n<p><\/p>\n\n\n\n<p class=\"has-drop-cap\">Este 19 de noviembre se celebra el&nbsp;<strong>D\u00eda Mundial del C\u00e1ncer de P\u00e1ncreas<\/strong>, una enfermedad que no presenta una gran incidencia, pero s\u00ed mortalidad y que ofrece nuevos retos y que en este d\u00eda pone el acento en su&nbsp; detecci\u00f3n precoz y mayor concienciaci\u00f3n. En datos de la Sociedad Espa\u00f1ola de Oncolog\u00eda M\u00e9dica, en Europa se estima&nbsp;<strong>actualmente una incidencia de 78.000 casos<\/strong>&nbsp;nuevos de c\u00e1ncer de p\u00e1ncreas cada a\u00f1o.<\/p>\n\n\n\n<p>El Grupo Espa\u00f1ol de Pacientes con C\u00e1ncer (GEPAC) nos da m\u00e1s datos sobre esta enfermedad. Se trata de un tipo de c\u00e1ncer que se origina por el crecimiento descontrolado de un conjunto de c\u00e9lulas del p\u00e1ncreas.<\/p>\n\n\n\n<p>De forma m\u00e1s frecuente se origina en la regi\u00f3n del p\u00e1ncreas llamada la cabeza (el 60% de los casos) y de forma menos frecuente se puede originar en el cuerpo o la cola de este \u00f3rgano. En nuestro pa\u00ed<strong>s se registran cada a\u00f1o unos 4.000 casos nuevos<\/strong>&nbsp;y la supervivencia tras este tipo de c\u00e1ncer es escasa, ya que en ning\u00fan pa\u00eds del mundo supera el 10% a los 5 a\u00f1os. La supervivencia en Espa\u00f1a es similar a la media europea, que se sit\u00faa en torno al 4% para los hombres y al 5% para las mujeres.<\/p>\n\n\n\n<p>Cu\u00e1les son los s\u00edntomas del c\u00e1ncer de p\u00e1ncreas<\/p>\n\n\n\n<p>En este d\u00eda y para concienciar m\u00e1s a la poblaci\u00f3n debemos saber cu\u00e1les son los s\u00edntomas de esta enfermedad. La AECC especifica que, de igual forma que otros tipos de c\u00e1nceres, pueden no tener lugar en la fase inicial de la enfermedad y esto es lo que lo hace complicado para detectarse a tiempo.<\/p>\n\n\n\n<p>Suele diagnosticarse normalmente cuando los s\u00edntomas obligan al paciente a acudir al m\u00e9dico. Los&nbsp;<strong>principales s\u00edntomas son las p\u00e9rdida de peso<\/strong>&nbsp;injustificada, dolor en la zona del p\u00e1ncreas, obstrucci\u00f3n de conducto biliar, n\u00e1useas y v\u00f3mitos, pancreatitis aguda y diabetes mellitus.<\/p>\n\n\n\n<p>Cuando se produce dolor en la zona del p\u00e1ncreas es por muchas razones pero una de ellos es por un dolor sordo en la regi\u00f3n superior del abdomen (epigastrio), con episodios de agudizaci\u00f3n tras la ingesta o estando acostado. Mientras que cuando el tumor est\u00e1 situado en la cabeza del p\u00e1ncreas puede llegar a impedir la eliminaci\u00f3n de las sales biliares producidas por el h\u00edgado al intestino.<\/p>\n\n\n\n<p>Otros s\u00edntomas que pueden acompa\u00f1ar a este tumor son digestiones pesadas e hinchaz\u00f3n abdominal por ac\u00famulo de l\u00edquido en el abdomen (ascitis).<\/p>\n\n\n\n<p>Mientras que la AECC se\u00f1ala que gran parte de los pacientes con c\u00e1ncer de p\u00e1ncreas, presentan una alteraci\u00f3n del metabolismo de la glucosa, que en ocasiones acontece meses antes del diagn\u00f3stico del tumor.<\/p>\n\n\n\n<p>Cu\u00e1l es su tratamiento<\/p>\n\n\n\n<p>De igual forma hay que hacerse chequeos en el m\u00e9dico&nbsp; y no esperar a que salgan s\u00edntomas porque entonces el c\u00e1ncer puede estar m\u00e1s avanzado.<\/p>\n\n\n\n<p>En todo caso, en este D\u00eda Mundial del C\u00e1ncer de P\u00e1ncreas hay que establecer que una vez tenemos la enfermedad hay que ponerse en manos de m\u00e9dicos para seguir un tratamiento a medida.<\/p>\n\n\n\n<div class=\"wp-block-image\"><figure class=\"aligncenter\"><img decoding=\"async\" src=\"https:\/\/okdiario.com\/img\/2020\/11\/19\/dolor-cabeza-620x349.jpg\" alt=\"D\u00eda Mundial del C\u00e1ncer de P\u00e1ncreas: concienciaci\u00f3n y prevenci\u00f3n\" class=\"wp-image-6456225\"\/><\/figure><\/div>\n\n\n\n<p>La AECC&nbsp; da a conocer que el tumor es&nbsp;<strong>potencialmente curable con cirug\u00eda<\/strong>&nbsp;mientras que &nbsp;hay una invasi\u00f3n de grandes vasos o la afectaci\u00f3n de los ganglios impiden la cirug\u00eda, por lo que es preciso aplicar otras modalidades de tratamiento como la quimioterapia y\/o radioterapia.<\/p>\n\n\n\n<p>Al existir afectaci\u00f3n de otros \u00f3rganos alejados del tumor no est\u00e1 indicada la cirug\u00eda y se debe plantear otro tipo de tratamiento, que variar\u00e1 en funci\u00f3n del estado del paciente.<\/p>\n\n\n\n<p>Probablemente, el m\u00e9dico tambi\u00e9n tendr\u00e1 en cuenta, si adem\u00e1s del c\u00e1ncer de p\u00e1ncreas existen otras enfermedades importantes que puedan dificultar la realizaci\u00f3n de alg\u00fan tratamiento espec\u00edfico.<\/p>\n\n\n\n<p>Los tratamientos m\u00e1s frecuentemente empleados en el c\u00e1ncer pancre\u00e1tico son la&nbsp;<strong>cirug\u00eda, la radioterapia y la quimioterapia.<\/strong>&nbsp;Las t\u00e9cnicas quir\u00fargicas m\u00e1s ampliamente empleadas son pancreatoduodenectom\u00eda o cirug\u00eda de Whipple, pancreatectom\u00eda distal y &nbsp;pancreatectom\u00eda total.<\/p>\n\n\n\n<p>En ocasiones, la cirug\u00eda puede emplearse como tratamiento paliativo. Si el tumor est\u00e1 diseminado pero&nbsp;<strong>provoca una obstrucci\u00f3n de las v\u00edas biliares<\/strong>, lo indicado puede ser realizar un bypass.<\/p>\n\n\n\n<p>A destacar que en el c\u00e1ncer de p\u00e1ncreas, la radioterapia no se emplea como tratamiento exclusivo con intenci\u00f3n curativa y que la quimioterapia es una de las modalidades terap\u00e9uticas m\u00e1s empleadas en el tratamiento del c\u00e1ncer.<\/p>\n\n\n\n<p><\/p>\n\n\n\n<p><a href=\"https:\/\/okdiario.com\/salud\/dia-mundial-del-cancer-pancreas-concienciacion-prevencion-6456200\" data-type=\"URL\" data-id=\"https:\/\/okdiario.com\/salud\/dia-mundial-del-cancer-pancreas-concienciacion-prevencion-6456200\">Original. <\/a><\/p>\n","protected":false},"excerpt":{"rendered":"<p>Este 19 de noviembre se celebra el&nbsp;D\u00eda Mundial del C\u00e1ncer de P\u00e1ncreas, una enfermedad que no presenta una gran incidencia, pero s\u00ed mortalidad y que ofrece nuevos retos y que &hellip; <a href=\"https:\/\/todossomosuno.com.mx\/portal\/dia-mundial-del-cancer-de-pancreas-concienciacion-y-prevencion\/\" class=\"more-link\">Leer M\u00e1s<span class=\"screen-reader-text\"> \u00abD\u00eda Mundial del C\u00e1ncer de P\u00e1ncreas: concienciaci\u00f3n y prevenci\u00f3n\u00bb<\/span><\/a><\/p>\n","protected":false},"author":1,"featured_media":40770,"comment_status":"open","ping_status":"closed","sticky":false,"template":"","format":"image","meta":{"_mi_skip_tracking":false,"_exactmetrics_sitenote_active":false,"_exactmetrics_sitenote_note":"","_exactmetrics_sitenote_category":0},"categories":[4716],"tags":[312,705,1992],"_links":{"self":[{"href":"https:\/\/todossomosuno.com.mx\/portal\/wp-json\/wp\/v2\/posts\/40766"}],"collection":[{"href":"https:\/\/todossomosuno.com.mx\/portal\/wp-json\/wp\/v2\/posts"}],"about":[{"href":"https:\/\/todossomosuno.com.mx\/portal\/wp-json\/wp\/v2\/types\/post"}],"author":[{"embeddable":true,"href":"https:\/\/todossomosuno.com.mx\/portal\/wp-json\/wp\/v2\/users\/1"}],"replies":[{"embeddable":true,"href":"https:\/\/todossomosuno.com.mx\/portal\/wp-json\/wp\/v2\/comments?post=40766"}],"version-history":[{"count":1,"href":"https:\/\/todossomosuno.com.mx\/portal\/wp-json\/wp\/v2\/posts\/40766\/revisions"}],"predecessor-version":[{"id":40771,"href":"https:\/\/todossomosuno.com.mx\/portal\/wp-json\/wp\/v2\/posts\/40766\/revisions\/40771"}],"wp:featuredmedia":[{"embeddable":true,"href":"https:\/\/todossomosuno.com.mx\/portal\/wp-json\/wp\/v2\/media\/40770"}],"wp:attachment":[{"href":"https:\/\/todossomosuno.com.mx\/portal\/wp-json\/wp\/v2\/media?parent=40766"}],"wp:term":[{"taxonomy":"category","embeddable":true,"href":"https:\/\/todossomosuno.com.mx\/portal\/wp-json\/wp\/v2\/categories?post=40766"},{"taxonomy":"post_tag","embeddable":true,"href":"https:\/\/todossomosuno.com.mx\/portal\/wp-json\/wp\/v2\/tags?post=40766"}],"curies":[{"name":"wp","href":"https:\/\/api.w.org\/{rel}","templated":true}]}}