{"id":34655,"date":"2018-10-05T07:06:59","date_gmt":"2018-10-05T12:06:59","guid":{"rendered":"http:\/\/todossomosuno.com.mx\/portal\/?p=34655"},"modified":"2018-10-05T12:46:30","modified_gmt":"2018-10-05T17:46:30","slug":"arte-para-ciegos-el-proyecto-inclusivo-del-que-participaran-los-mejores-museos-de-la-ciudad","status":"publish","type":"post","link":"https:\/\/todossomosuno.com.mx\/portal\/arte-para-ciegos-el-proyecto-inclusivo-del-que-participaran-los-mejores-museos-de-la-ciudad\/","title":{"rendered":"\u00abArte para ciegos\u00bb, el proyecto inclusivo del que participar\u00e1n los mejores museos de la Ciudad"},"content":{"rendered":"<div class=\"row pb-content-type-text\">\n<div class=\"col-xs-12 col-print-12\">\n<p class=\"element element-paragraph\">La\u00a0<strong>Fundaci\u00f3n N\u00ednawa Daher\u00a0<\/strong>anuncia la puesta en marcha de un nuevo programa inclusivo, el proyecto\u00a0<strong>\u00abArte para ciegos\u00bb<\/strong>\u00a0que\u00a0<strong>llevar\u00e1 a cabo junto a destacados museos<\/strong>como el Museo Nacional de Bellas Artes y otros prestigiosos museos de la Ciudad Aut\u00f3noma de Buenos Aires (p\u00fablicos y privados).<\/p>\n<\/div>\n<\/div>\n<div class=\"row pb-content-type-text\">\n<div class=\"col-xs-12 col-print-12\">\n<p class=\"element element-paragraph\">En un d\u00eda muy especial -que es el d\u00eda del nacimiento de N\u00ednawa- se hace este anuncio que\u00a0<strong>dar\u00e1 inicio a un nuevo desaf\u00edo en memoria de la periodista fallecida en un accidente de tr\u00e1nsito el 9 de enero de 2011.<\/strong>\u00a0Este proyecto\u00a0generar\u00e1\u00a0un espacio de inclusi\u00f3n para todas aquellas personas invidentes o con visi\u00f3n reducida, con el fin de poder\u00a0<strong>acceder al arte a trav\u00e9s de otros recursos sensoriales y motrices<\/strong>\u00a0como el olfativo, el auditivo y muy especialmente el t\u00e1ctil.<\/p>\n<\/div>\n<\/div>\n<div class=\"row pb-content-type-image\">\n<figure class=\"element element-image col-xs-12\">\n<div class=\"single-image\">\n<div class=\"shares\">\n<div class=\"share-button facebook\" data-url=\"https:\/\/www.infobae.com\/sociedad\/2018\/10\/03\/arte-para-ciegos-el-proyecto-inclusivo-del-que-participaran-los-mejores-museos-de-la-ciudad\/%23H65JIDUF6REQ5OBXLS5SPGY65I\" data-original=\"https:\/\/s3.amazonaws.com\/arc-wordpress-client-uploads\/infobae-wp\/wp-content\/uploads\/2018\/10\/03191826\/Arte-para-ciegos-2.jpg\"><\/div>\n<\/div>\n<p><img decoding=\"async\" loading=\"lazy\" id=\"H65JIDUF6REQ5OBXLS5SPGY65I\" class=\"image-lazy\" src=\"https:\/\/www.infobae.com\/new-resizer\/bX7CLuMnPQrpSqp6_iqMqGjK1nc=\/600x0\/filters:quality(100)\/s3.amazonaws.com\/arc-wordpress-client-uploads\/infobae-wp\/wp-content\/uploads\/2018\/10\/03191826\/Arte-para-ciegos-2.jpg\" alt=\"N\u00ednawa Daher falleci\u00f3 el 9 de enero de 2011\" width=\"750\" height=\"499.10714285714283\" data-url=\"https:\/\/www.infobae.com\/sociedad\/2018\/10\/03\/arte-para-ciegos-el-proyecto-inclusivo-del-que-participaran-los-mejores-museos-de-la-ciudad\/%23H65JIDUF6REQ5OBXLS5SPGY65I\" data-original=\"https:\/\/www.infobae.com\/new-resizer\/bX7CLuMnPQrpSqp6_iqMqGjK1nc=\/600x0\/filters:quality(100)\/s3.amazonaws.com\/arc-wordpress-client-uploads\/infobae-wp\/wp-content\/uploads\/2018\/10\/03191826\/Arte-para-ciegos-2.jpg\" \/><\/div><figcaption class=\"\"><span class=\"credit\"><br \/>\nN\u00ednawa Daher falleci\u00f3 el 9 de enero de 2011<\/span><\/figcaption><\/figure>\n<\/div>\n<div class=\"row pb-content-type-text\">\n<div class=\"col-xs-12 col-print-12\">\n<p class=\"element element-paragraph\">Para ello la instituci\u00f3n, junto a un equipo especialmente formado en contenidos h\u00e1pticos,\u00a0reproducir\u00e1\u00a0en 3D aquellas obras de arte del patrimonio de cada uno de los museos para llevar adelante este nuevo desaf\u00edo. Asimismo\u00a0<strong>organizar\u00e1 jornadas, talleres y debates junto a las instituciones que ya han hecho un recorrido en la tem\u00e1tica<\/strong>\u00a0para que todas aquellas personas interesadas puedan aportar sus conocimientos y resultados de las experiencias llevadas a cabo, tanto en el pa\u00eds como en el exterior.<\/p>\n<\/div>\n<\/div>\n<div class=\"row pb-content-type-text\">\n<div id=\"\" class=\"wrapper clearfix pb-feature pb-layout-item pb-f-ads-dfp left-align\">\n<div id=\"inline\" class=\"ad-slot\">\n<div id=\"inline_ad\" data-google-query-id=\"CKSb566g790CFUK9TwodMOUBKg\">\n<div id=\"google_ads_iframe_\/1058609\/infobae\/sociedad\/nota\/inline_0__container__\"><iframe id=\"google_ads_iframe_\/1058609\/infobae\/sociedad\/nota\/inline_0\" title=\"3rd party ad content\" name=\"google_ads_iframe_\/1058609\/infobae\/sociedad\/nota\/inline_0\" width=\"1\" height=\"1\" frameborder=\"0\" marginwidth=\"0\" marginheight=\"0\" scrolling=\"no\" data-load-complete=\"true\" data-mce-fragment=\"1\"><\/iframe><\/div>\n<\/div>\n<\/div>\n<\/div>\n<div class=\"col-xs-12 col-print-12\">\n<p class=\"element element-paragraph\"><strong>Alicia Daher<\/strong>\u00a0refiere que ya \u00abmuchas instituciones nos anteceden como el MNBA (Museo Nacional Bellas Artes) y el MAMBA (Museo de Arte Moderno de Buenos Aires) en el tema. Sin embargo,\u00a0<strong>nuestro aporte ser\u00e1 el de aumentar los recursos<\/strong>\u00a0para desarrollar aun mas dichos espacios de inclusi\u00f3n que ya se han abierto hace tiempo\u00bb.<\/p>\n<\/div>\n<\/div>\n<div class=\"row pb-content-type-text\">\n<div class=\"col-xs-12 col-print-12\">\n<p class=\"element element-paragraph\">Nuestro inter\u00e9s es colaborar en aumentar la conciencia dentro del espacio del arte de la necesidad del Museo Inclusivo en sus espacios y en la conciencia de su recurso humano. Tambi\u00e9n es de nuestro inter\u00e9s -entre los no videntes o disminuidos visuales- que conozcan las posibilidades que\u00a0poseen de\u00a0<strong>acceder al mundo del arte a trav\u00e9s de otros recursos sensoriales y motrices.<\/strong><\/p>\n<\/div>\n<\/div>\n<div class=\"row pb-content-type-image\">\n<figure class=\"element element-image col-xs-12\">\n<div class=\"single-image\">\n<div class=\"shares\">\n<div class=\"share-button facebook\" data-url=\"https:\/\/www.infobae.com\/sociedad\/2018\/10\/03\/arte-para-ciegos-el-proyecto-inclusivo-del-que-participaran-los-mejores-museos-de-la-ciudad\/%232OG5734ZJREONLDA5A3DAO7OWU\" data-original=\"https:\/\/s3.amazonaws.com\/arc-wordpress-client-uploads\/infobae-wp\/wp-content\/uploads\/2018\/10\/03191840\/Arte-para-ciegos-4.jpg\"><\/div>\n<\/div>\n<p><img decoding=\"async\" loading=\"lazy\" id=\"2OG5734ZJREONLDA5A3DAO7OWU\" class=\"image-lazy\" src=\"https:\/\/www.infobae.com\/new-resizer\/k1tTcvJWxZgCEM2rvVC4PMMAsAA=\/600x0\/filters:quality(100)\/s3.amazonaws.com\/arc-wordpress-client-uploads\/infobae-wp\/wp-content\/uploads\/2018\/10\/03191840\/Arte-para-ciegos-4.jpg\" alt=\"\" width=\"750\" height=\"422.32142857142856\" data-url=\"https:\/\/www.infobae.com\/sociedad\/2018\/10\/03\/arte-para-ciegos-el-proyecto-inclusivo-del-que-participaran-los-mejores-museos-de-la-ciudad\/%232OG5734ZJREONLDA5A3DAO7OWU\" data-original=\"https:\/\/www.infobae.com\/new-resizer\/k1tTcvJWxZgCEM2rvVC4PMMAsAA=\/600x0\/filters:quality(100)\/s3.amazonaws.com\/arc-wordpress-client-uploads\/infobae-wp\/wp-content\/uploads\/2018\/10\/03191840\/Arte-para-ciegos-4.jpg\" \/><\/div><figcaption class=\"\"><\/figcaption><\/figure>\n<\/div>\n<div class=\"row pb-content-type-text\">\n<div class=\"col-xs-12 col-print-12\">\n<p>&nbsp;<\/p>\n<p class=\"element element-paragraph\">Cuenta con el\u00a0<strong>respaldo del Ministerio de Desarrollo Social de la Naci\u00f3n<\/strong>\u00a0e involucra a un equipo de expertos en reproducci\u00f3n 3D como la licenciada\u00a0<strong>Marcela Guerra<\/strong>\u00a0y de curadores que encabeza la artista pl\u00e1stica\u00a0<strong>Karina El Azem.<\/strong><\/p>\n<\/div>\n<\/div>\n<div class=\"row pb-content-type-text\">\n<div class=\"col-xs-12 col-print-12\">\n<p class=\"element element-paragraph\">Tambi\u00e9n\u00a0vale la pena resaltar que el trabajo se llevar\u00e1 a cabo junto a equipos constituidos por no videntes, instituciones de vasta experiencia en la atenci\u00f3n y la rehabilitaci\u00f3n de los ciegos, escuelas para invidentes y bibliotecas para ciegos.\u00a0<strong>\u00abAportaremos mediante la escritura braille y las audio gu\u00edas a completar los espacios de inclusi\u00f3n y el trabajo en los museos\u00bb, explic\u00f3 Daher.<\/strong><\/p>\n<\/div>\n<\/div>\n<div class=\"row pb-content-type-text\">\n<div class=\"col-xs-12 col-print-12\">\n<p class=\"element element-paragraph\">Por otro lado, la Fundaci\u00f3n N\u00ednawa Daher desarrollar\u00e1, el s\u00e1bado 6 de octubre, el\u00a0<strong>Sexto Encuentro Provincial de Escuelas de F\u00fatbol \u00abN\u00ednawa Daher\u00bb.<\/strong>\u00a0Declarado de inter\u00e9s municipal y provincial, desde hace 7 a\u00f1os agrupa a ni\u00f1os cerca de la fecha del cumplea\u00f1os de N\u00ednawa, el 3 de octubre,\u00a0<strong>en memoria de su legado de cuidado de la ni\u00f1ez y la juventud.<\/strong><\/p>\n<\/div>\n<\/div>\n<div class=\"row pb-content-type-image\">\n<figure class=\"element element-image col-xs-12\">\n<div class=\"single-image\">\n<div class=\"shares\">\n<div class=\"share-button facebook\" data-url=\"https:\/\/www.infobae.com\/sociedad\/2018\/10\/03\/arte-para-ciegos-el-proyecto-inclusivo-del-que-participaran-los-mejores-museos-de-la-ciudad\/%23ZZ7ONFPQ75HNHBRDEZJ6C26E24\" data-original=\"https:\/\/s3.amazonaws.com\/arc-wordpress-client-uploads\/infobae-wp\/wp-content\/uploads\/2018\/10\/03191816\/Arte-para-ciegos-3.jpg\"><\/div>\n<\/div>\n<p><img decoding=\"async\" loading=\"lazy\" id=\"ZZ7ONFPQ75HNHBRDEZJ6C26E24\" class=\"image-lazy\" src=\"https:\/\/www.infobae.com\/new-resizer\/BCVsMg_byo9p73nS5J1fQ44hM2c=\/600x0\/filters:quality(100)\/s3.amazonaws.com\/arc-wordpress-client-uploads\/infobae-wp\/wp-content\/uploads\/2018\/10\/03191816\/Arte-para-ciegos-3.jpg\" alt=\"\" width=\"750\" height=\"562.5\" data-url=\"https:\/\/www.infobae.com\/sociedad\/2018\/10\/03\/arte-para-ciegos-el-proyecto-inclusivo-del-que-participaran-los-mejores-museos-de-la-ciudad\/%23ZZ7ONFPQ75HNHBRDEZJ6C26E24\" data-original=\"https:\/\/www.infobae.com\/new-resizer\/BCVsMg_byo9p73nS5J1fQ44hM2c=\/600x0\/filters:quality(100)\/s3.amazonaws.com\/arc-wordpress-client-uploads\/infobae-wp\/wp-content\/uploads\/2018\/10\/03191816\/Arte-para-ciegos-3.jpg\" \/><\/div><figcaption class=\"\"><\/figcaption><\/figure>\n<\/div>\n<div class=\"row pb-content-type-text\">\n<div class=\"col-xs-12 col-print-12\">\n<p>&nbsp;<\/p>\n<p class=\"element element-paragraph\">Alicia Daher, presidente de la Fundaci\u00f3n, agreg\u00f3 que\u00a0<strong>\u00abeste a\u00f1o hay 1.300 ni\u00f1os de 3 a 11 a\u00f1os inscriptos procedentes de 30 localidades de la Provincia de Buenos Aires<\/strong>\u00a0que jugar\u00e1n al futbol en Pinamar en un encuentro amistoso y durante una jornada donde se consagra el intercambio deportivo que se ha llevado a cabo durante todo el a\u00f1o.\u00a0<strong>A las 15.30 en el Polideportivo Municipal de la ciudad balnearia<\/strong>\u00a0se llevar\u00e1 a cabo una ceremonia en la que la Fundaci\u00f3n N\u00ednawa Daher entregar\u00e1 un trofeo a cada ni\u00f1o\u00bb.<\/p>\n<\/div>\n<\/div>\n<div class=\"row pb-content-type-text\">\n<div class=\"col-xs-12 col-print-12\">\n<p class=\"element element-paragraph\">Esto se hace bajo el lema<strong>\u00a0\u00ab\u00c9tica + valores + solidaridad\u00bb<\/strong>\u00a0y\u00a0<strong>garantiza una jornada en familia en donde los ni\u00f1os, padres y familiares<\/strong>\u00a0-junto a entrenadores y referentes de clubes sociales de cada localidad- comparten un grato momento.<\/p>\n<\/div>\n<\/div>\n<div class=\"row pb-content-type-text\">\n<div class=\"col-xs-12 col-print-12\">\n<p class=\"element element-paragraph\">Es importante aclarar que lo que mueve a la Fundaci\u00f3n N\u00ednawa Daher a llevar a cabo estos encuentros es\u00a0<strong>la convicci\u00f3n de que los ni\u00f1os que ingresan en edades tempranas al deporte<\/strong>\u00a0tienen m\u00e1s probabilidades de vivir protegidos de los trastornos psicosociales que tanto est\u00e1n da\u00f1ando a nuestra juventud, como el alcohol, las drogas o la violencia.<\/p>\n<\/div>\n<\/div>\n<p>&nbsp;<\/p>\n<p><a href=\"https:\/\/www.infobae.com\/sociedad\/2018\/10\/03\/arte-para-ciegos-el-proyecto-inclusivo-del-que-participaran-los-mejores-museos-de-la-ciudad\/\">Original.\u00a0<\/a><\/p>\n","protected":false},"excerpt":{"rendered":"<p>La\u00a0Fundaci\u00f3n N\u00ednawa Daher\u00a0anuncia la puesta en marcha de un nuevo programa inclusivo, el proyecto\u00a0\u00abArte para ciegos\u00bb\u00a0que\u00a0llevar\u00e1 a cabo junto a destacados museoscomo el Museo Nacional de Bellas Artes y otros &hellip; <a href=\"https:\/\/todossomosuno.com.mx\/portal\/arte-para-ciegos-el-proyecto-inclusivo-del-que-participaran-los-mejores-museos-de-la-ciudad\/\" class=\"more-link\">Leer M\u00e1s<span class=\"screen-reader-text\"> \u00ab\u00abArte para ciegos\u00bb, el proyecto inclusivo del que participar\u00e1n los mejores museos de la Ciudad\u00bb<\/span><\/a><\/p>\n","protected":false},"author":1,"featured_media":34656,"comment_status":"open","ping_status":"closed","sticky":false,"template":"","format":"image","meta":{"_mi_skip_tracking":false,"_exactmetrics_sitenote_active":false,"_exactmetrics_sitenote_note":"","_exactmetrics_sitenote_category":0},"categories":[4717],"tags":[120,335],"_links":{"self":[{"href":"https:\/\/todossomosuno.com.mx\/portal\/wp-json\/wp\/v2\/posts\/34655"}],"collection":[{"href":"https:\/\/todossomosuno.com.mx\/portal\/wp-json\/wp\/v2\/posts"}],"about":[{"href":"https:\/\/todossomosuno.com.mx\/portal\/wp-json\/wp\/v2\/types\/post"}],"author":[{"embeddable":true,"href":"https:\/\/todossomosuno.com.mx\/portal\/wp-json\/wp\/v2\/users\/1"}],"replies":[{"embeddable":true,"href":"https:\/\/todossomosuno.com.mx\/portal\/wp-json\/wp\/v2\/comments?post=34655"}],"version-history":[{"count":2,"href":"https:\/\/todossomosuno.com.mx\/portal\/wp-json\/wp\/v2\/posts\/34655\/revisions"}],"predecessor-version":[{"id":34658,"href":"https:\/\/todossomosuno.com.mx\/portal\/wp-json\/wp\/v2\/posts\/34655\/revisions\/34658"}],"wp:featuredmedia":[{"embeddable":true,"href":"https:\/\/todossomosuno.com.mx\/portal\/wp-json\/wp\/v2\/media\/34656"}],"wp:attachment":[{"href":"https:\/\/todossomosuno.com.mx\/portal\/wp-json\/wp\/v2\/media?parent=34655"}],"wp:term":[{"taxonomy":"category","embeddable":true,"href":"https:\/\/todossomosuno.com.mx\/portal\/wp-json\/wp\/v2\/categories?post=34655"},{"taxonomy":"post_tag","embeddable":true,"href":"https:\/\/todossomosuno.com.mx\/portal\/wp-json\/wp\/v2\/tags?post=34655"}],"curies":[{"name":"wp","href":"https:\/\/api.w.org\/{rel}","templated":true}]}}